{"id":673,"date":"2024-05-16T15:31:42","date_gmt":"2024-05-16T13:31:42","guid":{"rendered":"https:\/\/inclujobs-project.eu\/?p=673"},"modified":"2024-07-12T16:28:56","modified_gmt":"2024-07-12T14:28:56","slug":"zusammenarbeite-fragen-der-beruflichen-eingliederung-von-menschen-mit-intellektuellen-beeintraechtigungen","status":"publish","type":"post","link":"https:\/\/inclujobs-project.eu\/de\/zusammenarbeite-fragen-der-beruflichen-eingliederung-von-menschen-mit-intellektuellen-beeintraechtigungen\/","title":{"rendered":"ZUSAMMENARBEITE: Fragen der beruflichen Eingliederung von Menschen mit intellektuellen Beeintr\u00e4chtigungen"},"content":{"rendered":"<p>Der Aufbau einer integrativen Belegschaft hat nicht nur messbare Auswirkungen auf die Wirtschaft, sondern auch auf die Gesellschaft.<\/p>\n<p>Die Bem\u00fchungen um Vielfalt und Eingliederung beginnen oft mit der Einstellung von Mitarbeitern, um st\u00e4rkere Teams zu bilden, aber wenn diese Teams erst einmal gebildet sind, gibt es noch viel mehr zu tun. Die berufliche Eingliederung ist eine Herausforderung.<\/p>\n<p>Deshalb hier einige Tipps, um die Arbeitsbedingungen f\u00fcr beide Seiten zu erleichtern:<\/p>\n<ul>\n<li>Erstellen Sie einen integrativen Aktionsplan.<\/li>\n<li>Seien Sie bei der Arbeit mit Ihren Teams nicht nur professionell, sondern auch menschlich freundlich.<\/li>\n<li>Behandeln Sie Ihre Kollegen so, wie sie selbst behandelt werden m\u00f6chten.<\/li>\n<li>Zeigen Sie allen gegen\u00fcber Respekt.<\/li>\n<li>Seien Sie hilfsbereit und bieten Sie den anderen Ihren Arbeitseinsatz an.<\/li>\n<li>H\u00f6ren Sie allen zu und lassen Sie andere zu Wort kommen.<\/li>\n<li>F\u00f6rdern Sie das Gef\u00fchl der Zugeh\u00f6rigkeit durch teambildende Ma\u00dfnahmen.<\/li>\n<li>Seien Sie geduldig und achten Sie auf jeden, der sich \u00e4u\u00dfert.<\/li>\n<li>Verwenden Sie ein einfaches Vokabular, um f\u00fcr das gesamte Team zug\u00e4nglich zu sein.<\/li>\n<li>Seien Sie fair zu allen im Team.<\/li>\n<li>Bieten Sie Ihren Mitarbeitern so viele Schulungen zum Thema Inklusion an, wie Sie ben\u00f6tigen.<\/li>\n<li>Organisieren Sie kurze Teamveranstaltungen.<\/li>\n<li>Helfen Sie den Mitarbeitern, einander besser zu verstehen, indem sie ihre Erfahrungen und Erfolgsgeschichten austauschen.<\/li>\n<li>Denken Sie daran, dass jeder Mensch einzigartig ist.<\/li>\n<\/ul>\n","protected":false},"excerpt":{"rendered":"<p>Der Aufbau einer integrativen Belegschaft hat nicht nur messbare Auswirkungen auf die Wirtschaft, sondern auch auf die Gesellschaft. Die Bem\u00fchungen um Vielfalt und Eingliederung beginnen oft mit der Einstellung von Mitarbeitern, um st\u00e4rkere Teams zu bilden, aber wenn diese Teams erst einmal gebildet sind, gibt es noch viel mehr zu tun. Die berufliche Eingliederung ist [&hellip;]<\/p>\n","protected":false},"author":2,"featured_media":471,"comment_status":"open","ping_status":"open","sticky":false,"template":"","format":"standard","meta":{"_mi_skip_tracking":false,"_monsterinsights_sitenote_active":false,"_monsterinsights_sitenote_note":"","_monsterinsights_sitenote_category":0,"footnotes":""},"categories":[18],"tags":[],"class_list":["post-673","post","type-post","status-publish","format-standard","has-post-thumbnail","hentry","category-unkategorisiert"],"_links":{"self":[{"href":"https:\/\/inclujobs-project.eu\/de\/wp-json\/wp\/v2\/posts\/673","targetHints":{"allow":["GET"]}}],"collection":[{"href":"https:\/\/inclujobs-project.eu\/de\/wp-json\/wp\/v2\/posts"}],"about":[{"href":"https:\/\/inclujobs-project.eu\/de\/wp-json\/wp\/v2\/types\/post"}],"author":[{"embeddable":true,"href":"https:\/\/inclujobs-project.eu\/de\/wp-json\/wp\/v2\/users\/2"}],"replies":[{"embeddable":true,"href":"https:\/\/inclujobs-project.eu\/de\/wp-json\/wp\/v2\/comments?post=673"}],"version-history":[{"count":1,"href":"https:\/\/inclujobs-project.eu\/de\/wp-json\/wp\/v2\/posts\/673\/revisions"}],"predecessor-version":[{"id":674,"href":"https:\/\/inclujobs-project.eu\/de\/wp-json\/wp\/v2\/posts\/673\/revisions\/674"}],"wp:featuredmedia":[{"embeddable":true,"href":"https:\/\/inclujobs-project.eu\/de\/wp-json\/wp\/v2\/media\/471"}],"wp:attachment":[{"href":"https:\/\/inclujobs-project.eu\/de\/wp-json\/wp\/v2\/media?parent=673"}],"wp:term":[{"taxonomy":"category","embeddable":true,"href":"https:\/\/inclujobs-project.eu\/de\/wp-json\/wp\/v2\/categories?post=673"},{"taxonomy":"post_tag","embeddable":true,"href":"https:\/\/inclujobs-project.eu\/de\/wp-json\/wp\/v2\/tags?post=673"}],"curies":[{"name":"wp","href":"https:\/\/api.w.org\/{rel}","templated":true}]}}