{"id":684,"date":"2024-02-27T11:24:12","date_gmt":"2024-02-27T10:24:12","guid":{"rendered":"https:\/\/inclujobs-project.eu\/?p=684"},"modified":"2024-07-12T16:31:43","modified_gmt":"2024-07-12T14:31:43","slug":"identifizierung-beruflicher-faehigkeiten-und-interessen-fuer-menschen-mit-intellektueller-beeintraechtigung","status":"publish","type":"post","link":"https:\/\/inclujobs-project.eu\/de\/identifizierung-beruflicher-faehigkeiten-und-interessen-fuer-menschen-mit-intellektueller-beeintraechtigung\/","title":{"rendered":"Identifizierung beruflicher F\u00e4higkeiten und Interessen f\u00fcr Menschen mit intellektueller Beeintr\u00e4chtigung"},"content":{"rendered":"<p>Hallo, tolle Community! \ud83d\udc99 Lasst uns dar\u00fcber sprechen, wie man Menschen mit intellektuellen Beeintr\u00e4chtigungen dazu bef\u00e4higt, im Berufsleben erfolgreich zu sein, indem man ihre einzigartigen F\u00e4higkeiten und Interessen identifiziert! \ud83d\ude80\u2728 Wisst ihr, wie man berufliche F\u00e4higkeiten und Interessen ermittelt?<\/p>\n<p>1\ufe0f\u20e3 Selbsterkundung ist der Schl\u00fcssel: \ud83e\udde0\ud83d\udca1 Ermutigen Sie zur Selbstreflexion, um pers\u00f6nliche St\u00e4rken und Leidenschaften herauszufinden. Welche Aktivit\u00e4ten machen Freude und geben ein Gef\u00fchl der Erf\u00fcllung? Lasst uns diese Momente feiern! \ud83c\udf1f<\/p>\n<p>2\ufe0f\u20e3 Unterst\u00fctzende Netzwerke sind wichtig: \ud83e\udd1d\ud83c\udf10 Wenden Sie sich an Freunde, Familie und Mentoren, um Einblicke zu erhalten. Sie k\u00f6nnen wertvolle Einblicke in Talente und F\u00e4higkeiten geben, die vielleicht nicht sofort ersichtlich sind. Gemeinsam sind wir st\u00e4rker! \ud83d\udcaa\u2764\ufe0f<\/p>\n<p>3\ufe0f\u20e3 Ma\u00dfgeschneiderte Lernm\u00f6glichkeiten: \ud83d\udcd8\u270f\ufe0f Sie barrierefreie und inklusive Lernerfahrungen anbieten. Ob es sich um formale Bildung, Workshops oder Online-Kurse handelt, lassen Sie uns daf\u00fcr sorgen, dass jeder die Chance hat, seine F\u00e4higkeiten zu entwickeln und zu pr\u00e4sentieren! \ud83c\udf93\ud83c\udf10<\/p>\n<p>4\ufe0f\u20e3 Praktische Anwendung: \ud83d\udee0\ufe0f\ud83c\udf31 Erkunden Sie Freiwilligenarbeit und Praktika, die Ihren Interessen entsprechen. Erfahrungen in der realen Welt f\u00f6rdern nicht nur F\u00e4higkeiten, sondern auch das Selbstvertrauen! \ud83c\udf0d\ud83d\udcbc<\/p>\n<p>5\ufe0f\u20e3 Adaptive Jobsuche: \ud83d\udd0d\ud83c\udf10 Suchen Sie nach Stellenangeboten, die Vielfalt und Inklusion ber\u00fccksichtigen. Viele Arbeitgeber suchen aktiv nach Personen mit unterschiedlichen F\u00e4higkeiten. Lassen Sie uns gemeinsam Barrieren abbauen! \ud83d\ude80\ud83d\udcbc<\/p>\n<p>Denken Sie daran: Jeder hat etwas Unglaubliches zu bieten, und indem wir unsere Unterschiede anerkennen und feiern, erstellen wir eine inklusivere und lebendigere Gemeinschaft. \ud83c\udf08\ud83d\udc99 Teilen Sie Ihre Gedanken und Tipps in den Kommentaren unten mit! Lassen Sie uns gemeinsam eine Welt schaffen, in der die Talente eines jeden gesch\u00e4tzt und gef\u00f6rdert werden. \ud83c\udf0d\u2728<\/p>\n<p>Weitere Informationen finden Sie im INCLUJOBS-Handbuch f\u00fcr Sonderlehrer, das Sie auf unserer Webseite kostenlos herunterladen k\u00f6nnen: https:\/\/inclujobs-project.eu\/#results<\/p>\n<p>#INCLUJOBS #ERASMUSProjects #InclusionMatters #DiverseAbilities #EmpowerThroughSkills #handbookforsepcialeducators<\/p>\n","protected":false},"excerpt":{"rendered":"<p>Hallo, tolle Community! \ud83d\udc99 Lasst uns dar\u00fcber sprechen, wie man Menschen mit intellektuellen Beeintr\u00e4chtigungen dazu bef\u00e4higt, im Berufsleben erfolgreich zu sein, indem man ihre einzigartigen F\u00e4higkeiten und Interessen identifiziert! \ud83d\ude80\u2728 Wisst ihr, wie man berufliche F\u00e4higkeiten und Interessen ermittelt? 1\ufe0f\u20e3 Selbsterkundung ist der Schl\u00fcssel: \ud83e\udde0\ud83d\udca1 Ermutigen Sie zur Selbstreflexion, um pers\u00f6nliche St\u00e4rken und Leidenschaften herauszufinden. [&hellip;]<\/p>\n","protected":false},"author":2,"featured_media":685,"comment_status":"open","ping_status":"open","sticky":false,"template":"","format":"standard","meta":{"_mi_skip_tracking":false,"_monsterinsights_sitenote_active":false,"_monsterinsights_sitenote_note":"","_monsterinsights_sitenote_category":0,"footnotes":""},"categories":[18],"tags":[],"class_list":["post-684","post","type-post","status-publish","format-standard","has-post-thumbnail","hentry","category-unkategorisiert"],"_links":{"self":[{"href":"https:\/\/inclujobs-project.eu\/de\/wp-json\/wp\/v2\/posts\/684","targetHints":{"allow":["GET"]}}],"collection":[{"href":"https:\/\/inclujobs-project.eu\/de\/wp-json\/wp\/v2\/posts"}],"about":[{"href":"https:\/\/inclujobs-project.eu\/de\/wp-json\/wp\/v2\/types\/post"}],"author":[{"embeddable":true,"href":"https:\/\/inclujobs-project.eu\/de\/wp-json\/wp\/v2\/users\/2"}],"replies":[{"embeddable":true,"href":"https:\/\/inclujobs-project.eu\/de\/wp-json\/wp\/v2\/comments?post=684"}],"version-history":[{"count":2,"href":"https:\/\/inclujobs-project.eu\/de\/wp-json\/wp\/v2\/posts\/684\/revisions"}],"predecessor-version":[{"id":687,"href":"https:\/\/inclujobs-project.eu\/de\/wp-json\/wp\/v2\/posts\/684\/revisions\/687"}],"wp:featuredmedia":[{"embeddable":true,"href":"https:\/\/inclujobs-project.eu\/de\/wp-json\/wp\/v2\/media\/685"}],"wp:attachment":[{"href":"https:\/\/inclujobs-project.eu\/de\/wp-json\/wp\/v2\/media?parent=684"}],"wp:term":[{"taxonomy":"category","embeddable":true,"href":"https:\/\/inclujobs-project.eu\/de\/wp-json\/wp\/v2\/categories?post=684"},{"taxonomy":"post_tag","embeddable":true,"href":"https:\/\/inclujobs-project.eu\/de\/wp-json\/wp\/v2\/tags?post=684"}],"curies":[{"name":"wp","href":"https:\/\/api.w.org\/{rel}","templated":true}]}}