{"id":714,"date":"2023-10-20T16:14:53","date_gmt":"2023-10-20T14:14:53","guid":{"rendered":"https:\/\/inclujobs-project.eu\/?p=714"},"modified":"2024-07-12T16:53:31","modified_gmt":"2024-07-12T14:53:31","slug":"inclujobs-erasmus-ka220-adu-projekt-foerderung-von-inklusion-und-beschaeftigung-fuer-menschen-mit-intellektueller-beeintraechtigung","status":"publish","type":"post","link":"https:\/\/inclujobs-project.eu\/de\/inclujobs-erasmus-ka220-adu-projekt-foerderung-von-inklusion-und-beschaeftigung-fuer-menschen-mit-intellektueller-beeintraechtigung\/","title":{"rendered":"INCLUJOBS ERASMUS+ KA220-ADU Projekt: F\u00f6rderung von Inklusion und Besch\u00e4ftigung f\u00fcr Menschen mit intellektueller Beeintr\u00e4chtigung"},"content":{"rendered":"<p>Vorbereitung von Menschen mit intellektueller Beeintr\u00e4chtigung auf den Arbeitsmarkt durch &#8211; das Projekt INCLUJOBS ERASMUS+ KA220 &#8211; ADU<\/p>\n<p>Am 27. und 28. September 2023 fand in der Stadt Rethymno auf der Insel Kreta eine transnationale Besprechung des Projektes INCLUJOBS \u201eGanzheitliches Lernen f\u00fcr die Besch\u00e4ftigung von Menschen mit intellektueller Beeintr\u00e4chtigung\u201c statt.<\/p>\n<p>INCLUJOBS ist ein von der Europ\u00e4ischen Kommission kofinanziertes Projekt. Dieses Projekt zielt darauf ab, die Besch\u00e4ftigungsl\u00fccke bei Menschen mit intellektueller Beeintr\u00e4chtigung zu bek\u00e4mpfen. Das Hauptziel ist die F\u00f6rderung der Besch\u00e4ftigungsf\u00e4higkeit durch Schulungsmaterial f\u00fcr Sondererzieher, den Unternehmenssektor und Menschen mit geistiger Beeintr\u00e4chtigung.<\/p>\n<p>An INCLUJOBS ERASMUS+ KA220-ADU &#8211; Kooperationspartnerschaften in der Erwachsenenbildung nehmen 5 Expertenorganisationen teil, die sich mit der beruflichen Inklusion von Menschen mit intellektueller Beeintr\u00e4chtigung sowie mit der F\u00f6rderung der e-Inclusion durch innovative Methoden wie neue Technologien und Apps befassen.<\/p>\n<p>Die Partner sind:<\/p>\n<ul>\n<li>Asociaci\u00f3n de Investigaci\u00f3n de la Industria del Juguete (AIJU) Spanien<\/li>\n<li>Vitale Technologie Comunicazione &#8211; (VITECO) Italien<\/li>\n<li>Austrian Association of Inclusive Society (AIS) \u00d6sterreich<\/li>\n<li>Vereinigung von Eltern und Freunden von Menschen mit Autismus in Rethymno Griechenland<\/li>\n<li>Soziales Unternehmen PUZZLE Griechenland<\/li>\n<\/ul>\n<p>Die teilnehmenden Organisationen arbeiten in den Bereichen des Projekts, um ein INCLUJOBS-Handbuch f\u00fcr Sonderlehrer zu erstellen, das aus k\u00f6rperlichem und digitalem Material besteht. In diesem Handbuch geht es auch darum, sowohl die Bed\u00fcrfnisse von Menschen mit intellektueller Beeintr\u00e4chtigung am Arbeitsplatz als auch die Bed\u00fcrfnisse von einstellenden Unternehmen zu verstehen.<\/p>\n<p>Der zweite Teil ist die Erstellung eines INCLUJOBS-Handbuchs f\u00fcr Arbeitgeber mit inklusivem Bewusstsein, das den Unternehmensleitern die notwendigen Informationen zur Einstellung von Menschen mit intellektueller Beeintr\u00e4chtigung liefert.<\/p>\n<p>Der dritte Teil ist das INCLUJOBS Toolkit f\u00fcr die Arbeitssuche von Menschen mit intellektueller Beeintr\u00e4chtigung: Dieses Toolkit wird Informationen zur Stellensuche beinhalten, sowie Inhalte zu den wichtigsten Aufgaben, die in Jobs im Tourismus, in der VERARBEITENDEN Industrie und in der Informationstechnologie (IT) zu erledigen sind.<\/p>\n<p>Schlie\u00dflich wird die Online-Plattform INCLUJOBS eine Reihe von Lernspielen f\u00fcr Menschen mit intellektueller Beeintr\u00e4chtigung beinhalten. Ein spezielles Netzwerk wird ebenfalls enthalten sein, um die Besch\u00e4ftigungsf\u00e4higkeit von Menschen mit intellektueller Beeintr\u00e4chtigung durch die Gestaltung eines Hubs zu f\u00f6rdern und die Vernetzung zwischen zuk\u00fcnftigen Arbeitnehmern und Arbeitgebern zu erleichtern.<\/p>\n<p>Auf der Tagesordnung der Besprechung in Rethymno-Stadt standen unter anderem folgende Punkte:<\/p>\n<p>Ein Gesamt\u00fcberblick \u00fcber das Management des Projekts durch die projektf\u00fchrende Organisation AIJU. Raul Esteban pr\u00e4sentierte allen Teilnehmern die Bewertung der Erf\u00fcllung der verbleibenden Aufgaben und Aktivit\u00e4ten des Projekts.<\/p>\n<p>Andreas Papp von Puzzle, Griechenland, stellte die Ideen f\u00fcr die Erstellung des Toolkits f\u00fcr die Arbeitssuche f\u00fcr Menschen mit intellektueller Beeintr\u00e4chtigung vor. Das Toolkit zielt darauf ab, Informationen in zug\u00e4nglicher Form und angepasst an die spezifischen Bed\u00fcrfnisse von Menschen mit Beeintr\u00e4chtigungen bereitzustellen.<\/p>\n<p>Schlie\u00dflich informierte Gavriel Tsountanis von der Rethymno Association of parents and friends of people with autism \u00fcber den Stand des Verbreitungsplans des Projekts und schlug einige Ideen f\u00fcr die folgenden Aufgaben der Teilnehmer vor.<\/p>\n<p>Der Hauptnutzen der INCLUJOB-Aktivit\u00e4ten f\u00fcr Menschen mit intellektueller Beeintr\u00e4chtigung besteht darin, mehr Wissen dar\u00fcber zu erlangen, wie man eine Besch\u00e4ftigung erlangen kann, zus\u00e4tzlich zu den konzeptionellen Tools und F\u00e4higkeiten, die f\u00fcr die Aufnahme einer Besch\u00e4ftigung erforderlich sind. Die Auswirkungen des INCLUJOBS-Projekts auf die Gesellschaft bestehen darin, dass Initiativen f\u00fcr Unternehmen erstellt werden, die ein inklusives Arbeitsumfeld f\u00fcr Menschen mit intellektueller Beeintr\u00e4chtigung schaffen.<\/p>\n","protected":false},"excerpt":{"rendered":"<p>Vorbereitung von Menschen mit intellektueller Beeintr\u00e4chtigung auf den Arbeitsmarkt durch &#8211; das Projekt INCLUJOBS ERASMUS+ KA220 &#8211; ADU Am 27. und 28. September 2023 fand in der Stadt Rethymno auf der Insel Kreta eine transnationale Besprechung des Projektes INCLUJOBS \u201eGanzheitliches Lernen f\u00fcr die Besch\u00e4ftigung von Menschen mit intellektueller Beeintr\u00e4chtigung\u201c statt. INCLUJOBS ist ein von der [&hellip;]<\/p>\n","protected":false},"author":2,"featured_media":715,"comment_status":"open","ping_status":"open","sticky":false,"template":"","format":"standard","meta":{"_mi_skip_tracking":false,"_monsterinsights_sitenote_active":false,"_monsterinsights_sitenote_note":"","_monsterinsights_sitenote_category":0,"footnotes":""},"categories":[18],"tags":[],"class_list":["post-714","post","type-post","status-publish","format-standard","has-post-thumbnail","hentry","category-unkategorisiert"],"_links":{"self":[{"href":"https:\/\/inclujobs-project.eu\/de\/wp-json\/wp\/v2\/posts\/714","targetHints":{"allow":["GET"]}}],"collection":[{"href":"https:\/\/inclujobs-project.eu\/de\/wp-json\/wp\/v2\/posts"}],"about":[{"href":"https:\/\/inclujobs-project.eu\/de\/wp-json\/wp\/v2\/types\/post"}],"author":[{"embeddable":true,"href":"https:\/\/inclujobs-project.eu\/de\/wp-json\/wp\/v2\/users\/2"}],"replies":[{"embeddable":true,"href":"https:\/\/inclujobs-project.eu\/de\/wp-json\/wp\/v2\/comments?post=714"}],"version-history":[{"count":1,"href":"https:\/\/inclujobs-project.eu\/de\/wp-json\/wp\/v2\/posts\/714\/revisions"}],"predecessor-version":[{"id":716,"href":"https:\/\/inclujobs-project.eu\/de\/wp-json\/wp\/v2\/posts\/714\/revisions\/716"}],"wp:featuredmedia":[{"embeddable":true,"href":"https:\/\/inclujobs-project.eu\/de\/wp-json\/wp\/v2\/media\/715"}],"wp:attachment":[{"href":"https:\/\/inclujobs-project.eu\/de\/wp-json\/wp\/v2\/media?parent=714"}],"wp:term":[{"taxonomy":"category","embeddable":true,"href":"https:\/\/inclujobs-project.eu\/de\/wp-json\/wp\/v2\/categories?post=714"},{"taxonomy":"post_tag","embeddable":true,"href":"https:\/\/inclujobs-project.eu\/de\/wp-json\/wp\/v2\/tags?post=714"}],"curies":[{"name":"wp","href":"https:\/\/api.w.org\/{rel}","templated":true}]}}